{"id":121055,"date":"2012-04-20T09:33:38","date_gmt":"2012-04-20T09:33:38","guid":{"rendered":"https:\/\/evatorrents.com\/el-santjordi-mes-2-0\/"},"modified":"2023-07-27T12:28:13","modified_gmt":"2023-07-27T12:28:13","slug":"el-santjordi-mas-2-0","status":"publish","type":"post","link":"https:\/\/evatorrents.com\/es\/el-santjordi-mas-2-0\/","title":{"rendered":"El #SantJordi m\u00e1s 2.0"},"content":{"rendered":"<div class=\"wpb-content-wrapper\"><p>[vc_row row_height_percent=\u00bb0&#8243; overlay_alpha=\u00bb50&#8243; gutter_size=\u00bb3&#8243; column_width_percent=\u00bb100&#8243; shift_y=\u00bb0&#8243; z_index=\u00bb0&#8243; uncode_shortcode_id=\u00bb409295&#8243;][vc_column][vc_single_image media=\u00bb120139&#8243; media_width_percent=\u00bb100&#8243; uncode_shortcode_id=\u00bb762430&#8243;][vc_column_text uncode_shortcode_id=\u00bb103078&#8243;]Cada a\u00f1o esperamos el d\u00eda de Sant Jordi con ganas de pasear entre paradas de libros, oler rosas y participar en alguna de las muchas actividades relacionadas con la cultura, la lengua catalana y la literatura que se hacen en infinidad de espacios p\u00fablicos. Este a\u00f1o, ya hace d\u00edas que anticipamos la fiesta a trav\u00e9s de las redes sociales donde han surgido un gran n\u00famero de iniciativas relacionadas con este hito cultural.<\/p>\n<p>Nos ha gustado especialmente descubrir la iniciativa de\u00a0<a href=\"http:\/\/www.boolino.com\/\" target=\"_blank\" rel=\"noopener noreferrer\">Boolino<\/a>, una nueva red social que apenas est\u00e1 dando sus primeros pasos y que ha nacido en Barcelona con el objetivo de fomentar el h\u00e1bito de lectura entre los ni\u00f1os y asesorar a los padres en la b\u00fasqueda del libro m\u00e1s adecuado. Al crear su perfil gratuito, los usuarios definen las preferencias y edades de sus j\u00f3venes lectores para, a partir de esta informaci\u00f3n, rastrear una base de datos en expansi\u00f3n que ya tiene m\u00e1s de 28.000 t\u00edtulos. Boolino tambi\u00e9n contiene noticias y una completa agenda de actividades, y permite a los usuarios hacer recomendaciones, seleccionar libros favoritos e interactuar con el resto de la red. La \u00fanica pega? A pesar de tener libros en castellano y en catal\u00e1n, estos \u00faltimos todav\u00eda son poco visibles, y no existe una opci\u00f3n de filtro de idioma para la selecci\u00f3n de los t\u00edtulos.<\/p>\n<p>M\u00e1s all\u00e1 de este proyecto que apenas ha establecido sus fundamentos, la red est\u00e1 repleta de propuestas originales, participativas y muy sugerentes. Por ejemplo, el Grupo 62 ha colgado en Internet\u00a0<a href=\"http:\/\/www.elfinalperfecte.cat\/\" target=\"_blank\" rel=\"noopener noreferrer\">El Final Perfecto\u00a0<\/a>un relato inacabado que busca su desenlace a trav\u00e9s de\u00a0<a href=\"https:\/\/twitter.com\/#!\/search\/%23elfinalperfecte\" target=\"_blank\" rel=\"noopener noreferrer\">#elfinalperfecte<\/a>. Tambi\u00e9n en Twitter, la empresa Moritz y M\u00e0rius Serra est\u00e1n escribiendo un relato coral a partir de los tweets que reciben a\u00a0<a href=\"https:\/\/twitter.com\/#!\/search\/%237deStJordiZ\" target=\"_blank\" rel=\"noopener noreferrer\">#7deStJordiZ<\/a>.<\/p>\n<p>Otra propuesta nos llega de la Direcci\u00f3n General de Pol\u00edtica Ling\u00fc\u00edstica de la Generalitat, que con el club TR3SC ha impulsado el concurso\u00a0<a href=\"http:\/\/www20.gencat.cat\/portal\/site\/Llengcat\/menuitem.df5fba67cac781e7a129d410b0c0e1a0\/?vgnextoid=fe8c949b22741110VgnVCM1000000b0c1e0aRCRD&amp;vgnextchannel=fe8c949b22741110VgnVCM1000000b0c1e0aRCRD&amp;vgnextfmt=detall&amp;contentid=34eb01931feb6310VgnVCM2000009b0c1e0aRCRD\" target=\"_blank\" rel=\"noopener noreferrer\">Llenguadrac<\/a>, un homenaje a Avel\u00b7l\u00ed Art\u00eds Gener, T\u00edsner, el a\u00f1o del centenario de su nacimiento. Se trata de resolver jerogl\u00edficos, letras habladoras y adivinanzas a trav\u00e9s de\u00a0<a href=\"https:\/\/www.facebook.com\/llenguacatalana\/app_221460014534454\" target=\"_blank\" rel=\"noopener noreferrer\">Facebook\u00a0<\/a>y\u00a0<a href=\"https:\/\/twitter.com\/#!\/llenguacatalana\" target=\"_blank\" rel=\"noopener noreferrer\">Twitter<\/a>. Tampoco Omnium Cultural pod\u00eda ignorar el Sant Jordi m\u00e1s virtual: en\u00a0<a href=\"http:\/\/santjordi2012.santjordi.omnium.cat\/www\/santjordi\/santjordi2012\/ca.html\" target=\"_blank\" rel=\"noopener noreferrer\">La lanza que proyecta nuestra cultura\u00a0<\/a>pide a los navegantes que respondan preguntas como el t\u00edtulo que regalar\u00e1n este a\u00f1o, a cambio de optar a un lote de libros.<\/p>\n<p>Casi podr\u00edamos celebrar Sant Jordi parapetados tras la pantalla del ordenador. Pero nosotros nos decantamos descaradamente para calentar motores en la red y dedicar el lunes a empaparnos de diada corriendo por las calles. Eso s\u00ed, equipados con un buen Smartphone\u2026[\/vc_column_text][\/vc_column][\/vc_row]<\/p>\n<\/div>","protected":false},"excerpt":{"rendered":"<p>[vc_row row_height_percent=\u00bb0&#8243; overlay_alpha=\u00bb50&#8243; gutter_size=\u00bb3&#8243; column_width_percent=\u00bb100&#8243; shift_y=\u00bb0&#8243; z_index=\u00bb0&#8243; uncode_shortcode_id=\u00bb409295&#8243;][vc_column][vc_single_image media=\u00bb120139&#8243; media_width_percent=\u00bb100&#8243; uncode_shortcode_id=\u00bb762430&#8243;][vc_column_text uncode_shortcode_id=\u00bb103078&#8243;]Cada a\u00f1o esperamos el d\u00eda de Sant Jordi con [&hellip;]<\/p>\n","protected":false},"author":1,"featured_media":200,"comment_status":"closed","ping_status":"closed","sticky":false,"template":"","format":"standard","meta":{"_monsterinsights_skip_tracking":false,"_monsterinsights_sitenote_active":false,"_monsterinsights_sitenote_note":"","_monsterinsights_sitenote_category":0,"footnotes":""},"categories":[901],"tags":[752,801,803,859,914,1034,1035,1036,1037,1038,1039,1040,1041],"class_list":["post-121055","post","type-post","status-publish","format-standard","has-post-thumbnail","hentry","category-les-xarxes-al-dia-es","tag-divik-es-2","tag-divik-news-es-2","tag-xarxes-socials-es-2","tag-sant-jordi-es-2","tag-web-2-0-es","tag-7destjordiz-es","tag-elfinalperfecte-es","tag-santjordi-es","tag-boolino-es","tag-grup-62-es","tag-llenguadrac-es","tag-marius-serra-es","tag-omnium-cultural-es"],"aioseo_notices":[],"_links":{"self":[{"href":"https:\/\/evatorrents.com\/es\/wp-json\/wp\/v2\/posts\/121055","targetHints":{"allow":["GET"]}}],"collection":[{"href":"https:\/\/evatorrents.com\/es\/wp-json\/wp\/v2\/posts"}],"about":[{"href":"https:\/\/evatorrents.com\/es\/wp-json\/wp\/v2\/types\/post"}],"author":[{"embeddable":true,"href":"https:\/\/evatorrents.com\/es\/wp-json\/wp\/v2\/users\/1"}],"replies":[{"embeddable":true,"href":"https:\/\/evatorrents.com\/es\/wp-json\/wp\/v2\/comments?post=121055"}],"version-history":[{"count":2,"href":"https:\/\/evatorrents.com\/es\/wp-json\/wp\/v2\/posts\/121055\/revisions"}],"predecessor-version":[{"id":121117,"href":"https:\/\/evatorrents.com\/es\/wp-json\/wp\/v2\/posts\/121055\/revisions\/121117"}],"wp:featuredmedia":[{"embeddable":true,"href":"https:\/\/evatorrents.com\/es\/wp-json\/"}],"wp:attachment":[{"href":"https:\/\/evatorrents.com\/es\/wp-json\/wp\/v2\/media?parent=121055"}],"wp:term":[{"taxonomy":"category","embeddable":true,"href":"https:\/\/evatorrents.com\/es\/wp-json\/wp\/v2\/categories?post=121055"},{"taxonomy":"post_tag","embeddable":true,"href":"https:\/\/evatorrents.com\/es\/wp-json\/wp\/v2\/tags?post=121055"}],"curies":[{"name":"wp","href":"https:\/\/api.w.org\/{rel}","templated":true}]}}