{"id":121008,"date":"2012-09-28T14:22:32","date_gmt":"2012-09-28T14:22:32","guid":{"rendered":"https:\/\/evatorrents.com\/organitzacio-analogica-duna-setmana-digital\/"},"modified":"2023-07-28T09:56:28","modified_gmt":"2023-07-28T09:56:28","slug":"organizacion-analogica-de-una-semana-digital","status":"publish","type":"post","link":"https:\/\/evatorrents.com\/es\/organizacion-analogica-de-una-semana-digital\/","title":{"rendered":"Organizaci\u00f3n anal\u00f3gica de una semana digital"},"content":{"rendered":"<div class=\"wpb-content-wrapper\"><p>[vc_row row_height_percent=\u00bb0&#8243; overlay_alpha=\u00bb50&#8243; gutter_size=\u00bb3&#8243; column_width_percent=\u00bb100&#8243; shift_y=\u00bb0&#8243; z_index=\u00bb0&#8243; uncode_shortcode_id=\u00bb409295&#8243;][vc_column][vc_single_image media=\u00bb120060&#8243; media_width_percent=\u00bb100&#8243; uncode_shortcode_id=\u00bb109986&#8243;][vc_column_text uncode_shortcode_id=\u00bb848190&#8243;]A lo largo de toda esta semana Barcelona ha acogido la Social Media Week, un evento internacional que llegaba por primera vez en la ciudad. Repartidas entre la facultad de Comunicaci\u00f3n de Blanquerna, la f\u00e1brica Morirtz y el hotel Pulitzer, se han llevado a cabo m\u00e1s de 30 ponencias, talleres y actividades para explorar las repercusiones sociales, culturales y econ\u00f3micas de las redes sociales.<\/p>\n<p>El equipo D\u00edvik nos dejamos caer el mi\u00e9rcoles, el d\u00eda en que todas las charlas giraban en torno del \u00abSocial Media Marketing\u00bb. Sesi\u00f3n tras sesi\u00f3n hicimos sumergirnos en los contenidos de una jornada que fue\u00a0<em>in crescendo,\u00a0<\/em>, y que nos aport\u00f3 nuevos conceptos, nos present\u00f3 novedades y nos invit\u00f3 a la reflexi\u00f3n. Vimos salir con la cabeza llena de ideas, una larga lista de aplicaciones y nuevas redes sociales para descubrir y muchos temas sobre los que debatir y reflexionar.<\/p>\n<p>Pero tambi\u00e9n salimos chocada por el contraste entre las novedades de social media que se explicaron conceptualmente en la sala y el sistema de organizaci\u00f3n totalmente anal\u00f3gico de las jornadas. Es decir, dentro los ponentes nos dejaban impresionados y con ganas de saber m\u00e1s de, por ejemplo, las nuevas aplicaciones (algunas muy \u00fatiles y las dem\u00e1s simplemente divertidas y curiosas) que cambian la forma de consumir Internet y entender la vida de los consumidores . Afuera, y despu\u00e9s de habernos descargado hace tiempo una app del Social Media Week y haber tramitado todas las inscripciones v\u00eda web, tuvimos que hacer cola para recoger los tickets de las sesiones de la ma\u00f1ana, que nos dieron despu\u00e9s de buscar nuestro nombre en un largo listado en papel (ordenado alfab\u00e9ticamente con post-its), entregarlos a la entrada para que nos los rasgones manualmente y repetir la misma operaci\u00f3n al mediod\u00eda para poder entrar a las sesiones de la tarde. Incongruente, discordante y nada adecuado.<\/p>\n<p>Disonancias en parte, de la jornada del mi\u00e9rcoles nos quedamos, sobre todo, con la conexi\u00f3n v\u00eda videoconferencia con Hangout con Londres, Par\u00eds y Nueva York que hizo Pauline Butor, de Google+; con la charla sobre c\u00f3mo aplicar la creatividad en las estrategias de marketing que hizo la directora creativa freelance Emma Pueyo, que se llev\u00f3 el aplauso de la sala al afirmar que \u00abuna presencia exitosa en redes sociales requiere capacidad anal\u00edtica y una buena inversi\u00f3n \u00ab; con la introducci\u00f3n del concepto de ROPO (Research online, purchaise offline) y los numerosos ejemplos aportados por Christian Palau, experto en Marketing &amp; Mobile, y con el case study de Moritz, desenfadado, sin complejos, estrat\u00e9gico pero con un punto loco presentado por Leticia Rodr\u00edguez, social media manager de la marca.[\/vc_column_text][\/vc_column][\/vc_row]<\/p>\n<\/div>","protected":false},"excerpt":{"rendered":"<p>[vc_row row_height_percent=\u00bb0&#8243; overlay_alpha=\u00bb50&#8243; gutter_size=\u00bb3&#8243; column_width_percent=\u00bb100&#8243; shift_y=\u00bb0&#8243; z_index=\u00bb0&#8243; uncode_shortcode_id=\u00bb409295&#8243;][vc_column][vc_single_image media=\u00bb120060&#8243; media_width_percent=\u00bb100&#8243; uncode_shortcode_id=\u00bb109986&#8243;][vc_column_text uncode_shortcode_id=\u00bb848190&#8243;]A lo largo de toda esta semana Barcelona ha [&hellip;]<\/p>\n","protected":false},"author":1,"featured_media":510,"comment_status":"closed","ping_status":"closed","sticky":false,"template":"","format":"standard","meta":{"_monsterinsights_skip_tracking":false,"_monsterinsights_sitenote_active":false,"_monsterinsights_sitenote_note":"","_monsterinsights_sitenote_category":0,"footnotes":""},"categories":[736,749,901],"tags":[752,760,801,803,913,914,949],"class_list":["post-121008","post","type-post","status-publish","format-standard","has-post-thumbnail","hentry","category-marketing-2-es-2","category-divik-inside-es-2","category-les-xarxes-al-dia-es","tag-divik-es-2","tag-marketing-es-2","tag-divik-news-es-2","tag-xarxes-socials-es-2","tag-twitter-es","tag-web-2-0-es","tag-social-media-week-es"],"aioseo_notices":[],"_links":{"self":[{"href":"https:\/\/evatorrents.com\/es\/wp-json\/wp\/v2\/posts\/121008","targetHints":{"allow":["GET"]}}],"collection":[{"href":"https:\/\/evatorrents.com\/es\/wp-json\/wp\/v2\/posts"}],"about":[{"href":"https:\/\/evatorrents.com\/es\/wp-json\/wp\/v2\/types\/post"}],"author":[{"embeddable":true,"href":"https:\/\/evatorrents.com\/es\/wp-json\/wp\/v2\/users\/1"}],"replies":[{"embeddable":true,"href":"https:\/\/evatorrents.com\/es\/wp-json\/wp\/v2\/comments?post=121008"}],"version-history":[{"count":2,"href":"https:\/\/evatorrents.com\/es\/wp-json\/wp\/v2\/posts\/121008\/revisions"}],"predecessor-version":[{"id":121152,"href":"https:\/\/evatorrents.com\/es\/wp-json\/wp\/v2\/posts\/121008\/revisions\/121152"}],"wp:featuredmedia":[{"embeddable":true,"href":"https:\/\/evatorrents.com\/es\/wp-json\/"}],"wp:attachment":[{"href":"https:\/\/evatorrents.com\/es\/wp-json\/wp\/v2\/media?parent=121008"}],"wp:term":[{"taxonomy":"category","embeddable":true,"href":"https:\/\/evatorrents.com\/es\/wp-json\/wp\/v2\/categories?post=121008"},{"taxonomy":"post_tag","embeddable":true,"href":"https:\/\/evatorrents.com\/es\/wp-json\/wp\/v2\/tags?post=121008"}],"curies":[{"name":"wp","href":"https:\/\/api.w.org\/{rel}","templated":true}]}}