{"id":120924,"date":"2016-07-06T12:47:29","date_gmt":"2016-07-06T12:47:29","guid":{"rendered":"https:\/\/evatorrents.com\/comptem_amb_t\/"},"modified":"2023-07-28T10:50:24","modified_gmt":"2023-07-28T10:50:24","slug":"contamos-contigo","status":"publish","type":"post","link":"https:\/\/evatorrents.com\/es\/contamos-contigo\/","title":{"rendered":"40.000 razones para apoyar a \u00abContamos contigo\u00bb"},"content":{"rendered":"<div class=\"wpb-content-wrapper\"><p>[vc_row row_height_percent=\u00bb0&#8243; overlay_alpha=\u00bb50&#8243; gutter_size=\u00bb3&#8243; column_width_percent=\u00bb100&#8243; shift_y=\u00bb0&#8243; z_index=\u00bb0&#8243; uncode_shortcode_id=\u00bb409295&#8243;][vc_column][vc_single_image media=\u00bb119829&#8243; media_width_percent=\u00bb100&#8243; uncode_shortcode_id=\u00bb944026&#8243;][vc_column_text uncode_shortcode_id=\u00bb194180&#8243;]Cuando a principios de a\u00f1o nos pidieron si pod\u00edamos colaborar en el proyecto\u00a0<a href=\"http:\/\/comptemambtu.org\/\" target=\"_blank\" rel=\"noopener noreferrer\">Contamos contigo<\/a>\u00a0de manera altruista, no dudamos ni un momento.<\/p>\n<p>La causa y el equipo de personas que se iban sumando al proyecto iniciado por Ramon Vila lo val\u00edan!<\/p>\n<p>El objetivo era la captaci\u00f3n de fondos para el programa de detecci\u00f3n precoz de c\u00e1ncer de colon que hab\u00eda puesto en marcha\u00a0<a href=\"https:\/\/www.google.es\/webhp?sourceid=chrome-instant&amp;ion=1&amp;espv=2&amp;ie=UTF-8#q=osona%20contra%20el%20cancer\" target=\"_blank\" rel=\"noopener noreferrer\">Osona contra el C\u00e0ncer<\/a>, con la organizaci\u00f3n de una verbena de San Juan Solidaria a\u00a0<a href=\"http:\/\/www.caufaluga.com\/\" target=\"_blank\" rel=\"noopener noreferrer\">Cau Faluga<\/a>\u00a0de Manlleu.<br \/>\nDesde el inicio no nos quisimos quedar cortos con el objetivo y nos marcamos una recaudaci\u00f3n de 50.000 euros de recaudaci\u00f3n destinados 100% en Osona Contra el C\u00e1ncer.<\/p>\n<p>Ten\u00edamos claro que cada centavo ir\u00eda a la entidad y por tanto, la cantidad de trabajo de la comisi\u00f3n organizadora fue la difusi\u00f3n para conseguir la m\u00e1xima asistencia posible a la verbena por un lado, y la captaci\u00f3n de fondos de las empresas de la comarca para asumir todos los gastos de la verbena.<\/p>\n<p>La difusi\u00f3n era fundamental y uno de los elementos claves e identificadores de la campa\u00f1a fueron los relieves solidarios que se fueron pasando personas conocidas de diferentes sectores de la comarca. Guillem Soldevila y el equipo de GS-Crea crearon una imagen gr\u00e1fica potente que identificaba perfectamente el leitmotiv de la campa\u00f1a: pasarnos la solidaridad de mano en mano.<\/p>\n<p>Por parte de nuestro equipo, han sido muchas horas de trabajo dedicadas de forma totalmente altruista a la gesti\u00f3n de la estrategia de comunicaci\u00f3n, la redacci\u00f3n de notas de prensa y seguimiento con los medios, en la preparaci\u00f3n y presentaci\u00f3n de ruedas de prensa , a la gesti\u00f3n de las redes sociales, reuniones de seguimiento \u2026 Pero el retorno de la inversi\u00f3n emocional es infinito: 40.000 euros que ayudar\u00e1n a salvar vidas.<\/p>\n<p>Gracias a todos los compa\u00f1eros de la comisi\u00f3n organizadora por contar con nosotros. Gracias Ramon y Javi Villa, Guillem Soldevila, Jordi Grabolosa, Silvia Gen\u00eds, Kini Muntada, Dani Llad\u00f3, Aleix Perales, Santi Maydeu y Marta Coll.<\/p>\n<p>Sumar en proyectos sociales forma parte de nuestra misi\u00f3n. La comunicaci\u00f3n es una herramienta potente al servicio de la solidaridad. Por ello, no tenemos nunca un No para proyectos como Contamos contigo o el apoyo desde hace tres a\u00f1os a la\u00a0<a href=\"https:\/\/www.flsida.org\/ca\" target=\"_blank\" rel=\"noopener noreferrer\">Fundaci\u00f3 Lluita Contra la Sida<\/a>\u00a0entre otros.<\/p>\n<p>Impactar socialmente desde la comunicaci\u00f3n para ayudar a cambiar el mundo aunque sea con peque\u00f1os granitos de arena es una de nuestras razones de ser.<\/p>\n<p>Galeria de fotos\u00a0<a href=\"https:\/\/www.flickr.com\/photos\/comptemambtu\/page2\" target=\"_blank\" rel=\"noopener noreferrer\">Contamos contigo<\/a>[\/vc_column_text][vc_column_text uncode_shortcode_id=\u00bb459177&#8243;]<iframe id=\"iframe_chapter\" src=\"http:\/\/el9tv.xiptv.cat\/embed\/257010?iframe_width=659&amp;share=&amp;iframe_height=404&amp;height=358&amp;width=637\" name=\"iframe_chapter\" width=\"659\" height=\"358\" frameborder=\"0\" scrolling=\"no\"><\/iframe>[\/vc_column_text][\/vc_column][\/vc_row]<\/p>\n<\/div>","protected":false},"excerpt":{"rendered":"<p>[vc_row row_height_percent=\u00bb0&#8243; overlay_alpha=\u00bb50&#8243; gutter_size=\u00bb3&#8243; column_width_percent=\u00bb100&#8243; shift_y=\u00bb0&#8243; z_index=\u00bb0&#8243; uncode_shortcode_id=\u00bb409295&#8243;][vc_column][vc_single_image media=\u00bb119829&#8243; media_width_percent=\u00bb100&#8243; uncode_shortcode_id=\u00bb944026&#8243;][vc_column_text uncode_shortcode_id=\u00bb194180&#8243;]Cuando a principios de a\u00f1o nos pidieron si pod\u00edamos [&hellip;]<\/p>\n","protected":false},"author":1,"featured_media":1158,"comment_status":"open","ping_status":"open","sticky":false,"template":"","format":"standard","meta":{"_monsterinsights_skip_tracking":false,"_monsterinsights_sitenote_active":false,"_monsterinsights_sitenote_note":"","_monsterinsights_sitenote_category":0,"footnotes":""},"categories":[751],"tags":[747,752,756,760,761,763,764,765,766,767],"class_list":["post-120924","post","type-post","status-publish","format-standard","has-post-thumbnail","hentry","category-projectes-es","tag-comunicacio-es-es","tag-divik-es-2","tag-comunicacio-i-marqueting-es-2","tag-marketing-es-2","tag-guillem-soldevila-es","tag-comptem-amb-tu-es-2","tag-eines-es","tag-ens-encanta-es","tag-ramon-vila-es","tag-solidaritat-es"],"aioseo_notices":[],"_links":{"self":[{"href":"https:\/\/evatorrents.com\/es\/wp-json\/wp\/v2\/posts\/120924","targetHints":{"allow":["GET"]}}],"collection":[{"href":"https:\/\/evatorrents.com\/es\/wp-json\/wp\/v2\/posts"}],"about":[{"href":"https:\/\/evatorrents.com\/es\/wp-json\/wp\/v2\/types\/post"}],"author":[{"embeddable":true,"href":"https:\/\/evatorrents.com\/es\/wp-json\/wp\/v2\/users\/1"}],"replies":[{"embeddable":true,"href":"https:\/\/evatorrents.com\/es\/wp-json\/wp\/v2\/comments?post=120924"}],"version-history":[{"count":2,"href":"https:\/\/evatorrents.com\/es\/wp-json\/wp\/v2\/posts\/120924\/revisions"}],"predecessor-version":[{"id":121232,"href":"https:\/\/evatorrents.com\/es\/wp-json\/wp\/v2\/posts\/120924\/revisions\/121232"}],"wp:featuredmedia":[{"embeddable":true,"href":"https:\/\/evatorrents.com\/es\/wp-json\/"}],"wp:attachment":[{"href":"https:\/\/evatorrents.com\/es\/wp-json\/wp\/v2\/media?parent=120924"}],"wp:term":[{"taxonomy":"category","embeddable":true,"href":"https:\/\/evatorrents.com\/es\/wp-json\/wp\/v2\/categories?post=120924"},{"taxonomy":"post_tag","embeddable":true,"href":"https:\/\/evatorrents.com\/es\/wp-json\/wp\/v2\/tags?post=120924"}],"curies":[{"name":"wp","href":"https:\/\/api.w.org\/{rel}","templated":true}]}}